{"id":6179,"date":"2025-12-11T17:49:22","date_gmt":"2025-12-11T16:49:22","guid":{"rendered":"https:\/\/roj-auf.de\/?p=6179"},"modified":"2026-01-19T10:18:49","modified_gmt":"2026-01-19T09:18:49","slug":"kuechenchef-hotel-nuernberg-fachkraeftevermittlung-gastronomie-roj","status":"publish","type":"post","link":"https:\/\/roj-auf.de\/en\/hotel-gastronomie\/kuechenchef-hotel-nuernberg-fachkraeftevermittlung-gastronomie-roj\/","title":{"rendered":"K\u00fcchenchef (m\/w\/d) \u2013 Hotelbetrieb in der N\u00e4he von N\u00fcrnberg"},"content":{"rendered":"<p><br>Unterkunft kann gestellt werden<\/p>\n\n\n\n<p>F\u00fcr ein etabliertes Hotel in der Metropolregion N\u00fcrnberg suchen wir einen erfahrenen K\u00fcchenchef mit starker Expertise in der deutschen K\u00fcche.<\/p>\n\n\n\n<p>Ihr Profil<\/p>\n\n\n\n<ul class=\"wp-block-list\">\n<li>Abgeschlossene Ausbildung als Koch<\/li>\n\n\n\n<li>Deutschkenntnisse C1<\/li>\n\n\n\n<li>Mindestens 5 Jahre Erfahrung als K\u00fcchenchef in deutscher K\u00fcche<\/li>\n\n\n\n<li>AdA-Schein<\/li>\n\n\n\n<li>Sicher in Teamf\u00fchrung, Dienstplanung, Warenwirtschaft und Bestellungen<\/li>\n<\/ul>\n\n\n\n<p>Ihre Aufgaben<\/p>\n\n\n\n<ul class=\"wp-block-list\">\n<li>Leitung der gesamten K\u00fcche inkl. Personalverantwortung<\/li>\n\n\n\n<li>Planung, Organisation und Kontrolle aller Abl\u00e4ufe<\/li>\n\n\n\n<li>Qualit\u00e4ts- und Hygienemanagement (HACCP)<\/li>\n\n\n\n<li>Schulung und Anleitung des Teams sowie Auszubildender<\/li>\n\n\n\n<li>Kreative Mitgestaltung der Speisekarte<\/li>\n<\/ul>\n\n\n\n<p>Das bieten wir<\/p>\n\n\n\n<ul class=\"wp-block-list\">\n<li>Unterkunft kann gestellt werden<\/li>\n\n\n\n<li>Arbeiten in einem professionellen Hotelumfeld<\/li>\n<\/ul>\n\n\n\n<p><\/p>","protected":false},"excerpt":{"rendered":"<p>Unterkunft kann gestellt werden F\u00fcr ein etabliertes Hotel in der Metropolregion N\u00fcrnberg suchen wir einen erfahrenen K\u00fcchenchef mit starker Expertise in der deutschen K\u00fcche. Ihr Profil Ihre Aufgaben Das bieten wir<\/p>","protected":false},"author":2,"featured_media":6180,"comment_status":"closed","ping_status":"open","sticky":false,"template":"","format":"standard","meta":{"footnotes":""},"categories":[56,58],"tags":[133,130,15,139,134,138,136,129,131,137,132,135],"class_list":["post-6179","post","type-post","status-publish","format-standard","has-post-thumbnail","hentry","category-hotel-gastronomie","category-stellenanzeigen","tag-deutscher-kuechenchef","tag-fachkraeftevermittlung-2","tag-fachkraeftevermittlung","tag-fuehrungserfahrung-kueche","tag-gastronomie","tag-haccp","tag-hotel-naehe-nuernberg","tag-hotelkueche","tag-internationale-fachkraefte-2","tag-koch-ausbildung","tag-kuechenchef","tag-personalvermittlung-gastronomie"],"yoast_head":"<!-- This site is optimized with the Yoast SEO Premium plugin v25.6 (Yoast SEO v25.7) - https:\/\/yoast.com\/wordpress\/plugins\/seo\/ -->\n<title>K\u00fcchenchef (m\/w\/d) \u2013 Hotelbetrieb in der N\u00e4he von N\u00fcrnberg - roj-auf.de<\/title>\n<meta name=\"description\" content=\"Professionelles Foto eines K\u00fcchenchefs in einer deutschen Hotelk\u00fcche. Ideal f\u00fcr Stellenanzeigen und Beitr\u00e4ge zur Fachkr\u00e4ftevermittlung in der Gastronomie in der Region N\u00fcrnberg. Darstellung eines erfahrenen K\u00fcchenchefs f\u00fcr Recruiting, Employer Branding und internationale Personalvermittlung.\" \/>\n<meta name=\"robots\" content=\"index, follow, max-snippet:-1, max-image-preview:large, max-video-preview:-1\" \/>\n<link rel=\"canonical\" href=\"https:\/\/roj-auf.de\/en\/hotel-gastronomie\/kuechenchef-hotel-nuernberg-fachkraeftevermittlung-gastronomie-roj\/\" \/>\n<meta property=\"og:locale\" content=\"en_US\" \/>\n<meta property=\"og:type\" content=\"article\" \/>\n<meta property=\"og:title\" content=\"K\u00fcchenchef (m\/w\/d) \u2013 Hotelbetrieb in der N\u00e4he von N\u00fcrnberg\" \/>\n<meta property=\"og:description\" content=\"Professionelles Foto eines K\u00fcchenchefs in einer deutschen Hotelk\u00fcche. Ideal f\u00fcr Stellenanzeigen und Beitr\u00e4ge zur Fachkr\u00e4ftevermittlung in der Gastronomie in der Region N\u00fcrnberg. Darstellung eines erfahrenen K\u00fcchenchefs f\u00fcr Recruiting, Employer Branding und internationale Personalvermittlung.\" \/>\n<meta property=\"og:url\" content=\"https:\/\/roj-auf.de\/en\/hotel-gastronomie\/kuechenchef-hotel-nuernberg-fachkraeftevermittlung-gastronomie-roj\/\" \/>\n<meta property=\"og:site_name\" content=\"roj-auf.de\" \/>\n<meta property=\"article:publisher\" content=\"https:\/\/www.facebook.com\/RojAuf13\/\" \/>\n<meta property=\"article:published_time\" content=\"2025-12-11T16:49:22+00:00\" \/>\n<meta property=\"article:modified_time\" content=\"2026-01-19T09:18:49+00:00\" \/>\n<meta property=\"og:image\" content=\"https:\/\/roj-auf.de\/wp-content\/uploads\/2025\/12\/ChatGPT-Image-11.-Dez.-2025-17_41_16.png\" \/>\n\t<meta property=\"og:image:width\" content=\"1024\" \/>\n\t<meta property=\"og:image:height\" content=\"1024\" \/>\n\t<meta property=\"og:image:type\" content=\"image\/png\" \/>\n<meta name=\"author\" content=\"Ozan Alhas\" \/>\n<meta name=\"twitter:card\" content=\"summary_large_image\" \/>\n<meta name=\"twitter:label1\" content=\"Written by\" \/>\n\t<meta name=\"twitter:data1\" content=\"Ozan Alhas\" \/>\n\t<meta name=\"twitter:label2\" content=\"Est. reading time\" \/>\n\t<meta name=\"twitter:data2\" content=\"1 minute\" \/>\n<script type=\"application\/ld+json\" class=\"yoast-schema-graph\">{\"@context\":\"https:\/\/schema.org\",\"@graph\":[{\"@type\":\"WebPage\",\"@id\":\"https:\/\/roj-auf.de\/hotel-gastronomie\/kuechenchef-hotel-nuernberg-fachkraeftevermittlung-gastronomie-roj\/\",\"url\":\"https:\/\/roj-auf.de\/hotel-gastronomie\/kuechenchef-hotel-nuernberg-fachkraeftevermittlung-gastronomie-roj\/\",\"name\":\"K\u00fcchenchef (m\/w\/d) \u2013 Hotelbetrieb in der N\u00e4he von N\u00fcrnberg - roj-auf.de\",\"isPartOf\":{\"@id\":\"https:\/\/roj-auf.de\/#website\"},\"primaryImageOfPage\":{\"@id\":\"https:\/\/roj-auf.de\/hotel-gastronomie\/kuechenchef-hotel-nuernberg-fachkraeftevermittlung-gastronomie-roj\/#primaryimage\"},\"image\":{\"@id\":\"https:\/\/roj-auf.de\/hotel-gastronomie\/kuechenchef-hotel-nuernberg-fachkraeftevermittlung-gastronomie-roj\/#primaryimage\"},\"thumbnailUrl\":\"https:\/\/roj-auf.de\/wp-content\/uploads\/2025\/12\/ChatGPT-Image-11.-Dez.-2025-17_41_16.png\",\"datePublished\":\"2025-12-11T16:49:22+00:00\",\"dateModified\":\"2026-01-19T09:18:49+00:00\",\"author\":{\"@id\":\"https:\/\/roj-auf.de\/#\/schema\/person\/9b607e98ccbb84f9413e5d7bb6381ee5\"},\"description\":\"Professionelles Foto eines K\u00fcchenchefs in einer deutschen Hotelk\u00fcche. Ideal f\u00fcr Stellenanzeigen und Beitr\u00e4ge zur Fachkr\u00e4ftevermittlung in der Gastronomie in der Region N\u00fcrnberg. Darstellung eines erfahrenen K\u00fcchenchefs f\u00fcr Recruiting, Employer Branding und internationale Personalvermittlung.\",\"breadcrumb\":{\"@id\":\"https:\/\/roj-auf.de\/hotel-gastronomie\/kuechenchef-hotel-nuernberg-fachkraeftevermittlung-gastronomie-roj\/#breadcrumb\"},\"inLanguage\":\"en-US\",\"potentialAction\":[{\"@type\":\"ReadAction\",\"target\":[\"https:\/\/roj-auf.de\/hotel-gastronomie\/kuechenchef-hotel-nuernberg-fachkraeftevermittlung-gastronomie-roj\/\"]}]},{\"@type\":\"ImageObject\",\"inLanguage\":\"en-US\",\"@id\":\"https:\/\/roj-auf.de\/hotel-gastronomie\/kuechenchef-hotel-nuernberg-fachkraeftevermittlung-gastronomie-roj\/#primaryimage\",\"url\":\"https:\/\/roj-auf.de\/wp-content\/uploads\/2025\/12\/ChatGPT-Image-11.-Dez.-2025-17_41_16.png\",\"contentUrl\":\"https:\/\/roj-auf.de\/wp-content\/uploads\/2025\/12\/ChatGPT-Image-11.-Dez.-2025-17_41_16.png\",\"width\":1024,\"height\":1024,\"caption\":\"Erfahrener K\u00fcchenchef in professioneller Hotelk\u00fcche\"},{\"@type\":\"BreadcrumbList\",\"@id\":\"https:\/\/roj-auf.de\/hotel-gastronomie\/kuechenchef-hotel-nuernberg-fachkraeftevermittlung-gastronomie-roj\/#breadcrumb\",\"itemListElement\":[{\"@type\":\"ListItem\",\"position\":1,\"name\":\"Startseite\",\"item\":\"https:\/\/roj-auf.de\/\"},{\"@type\":\"ListItem\",\"position\":2,\"name\":\"K\u00fcchenchef (m\/w\/d) \u2013 Hotelbetrieb in der N\u00e4he von N\u00fcrnberg\"}]},{\"@type\":\"WebSite\",\"@id\":\"https:\/\/roj-auf.de\/#website\",\"url\":\"https:\/\/roj-auf.de\/\",\"name\":\"Roj Auf\",\"description\":\"Partner f\u00fcr internationale Fach- und Nachwuchskr\u00e4fte\",\"potentialAction\":[{\"@type\":\"SearchAction\",\"target\":{\"@type\":\"EntryPoint\",\"urlTemplate\":\"https:\/\/roj-auf.de\/?s={search_term_string}\"},\"query-input\":{\"@type\":\"PropertyValueSpecification\",\"valueRequired\":true,\"valueName\":\"search_term_string\"}}],\"inLanguage\":\"en-US\"},{\"@type\":\"Person\",\"@id\":\"https:\/\/roj-auf.de\/#\/schema\/person\/9b607e98ccbb84f9413e5d7bb6381ee5\",\"name\":\"Ozan Alhas\",\"image\":{\"@type\":\"ImageObject\",\"inLanguage\":\"en-US\",\"@id\":\"https:\/\/roj-auf.de\/#\/schema\/person\/image\/\",\"url\":\"https:\/\/secure.gravatar.com\/avatar\/b8d2dbf9578ed80e59c2065601e7703d6fbb3249a33cfcb305394724a90231ce?s=96&d=mm&r=g\",\"contentUrl\":\"https:\/\/secure.gravatar.com\/avatar\/b8d2dbf9578ed80e59c2065601e7703d6fbb3249a33cfcb305394724a90231ce?s=96&d=mm&r=g\",\"caption\":\"Ozan Alhas\"},\"url\":\"https:\/\/roj-auf.de\/en\/author\/ozan\/\"}]}<\/script>\n<!-- \/ Yoast SEO Premium plugin. -->","yoast_head_json":{"title":"K\u00fcchenchef (m\/w\/d) \u2013 Hotelbetrieb in der N\u00e4he von N\u00fcrnberg - roj-auf.de","description":"Professionelles Foto eines K\u00fcchenchefs in einer deutschen Hotelk\u00fcche. Ideal f\u00fcr Stellenanzeigen und Beitr\u00e4ge zur Fachkr\u00e4ftevermittlung in der Gastronomie in der Region N\u00fcrnberg. Darstellung eines erfahrenen K\u00fcchenchefs f\u00fcr Recruiting, Employer Branding und internationale Personalvermittlung.","robots":{"index":"index","follow":"follow","max-snippet":"max-snippet:-1","max-image-preview":"max-image-preview:large","max-video-preview":"max-video-preview:-1"},"canonical":"https:\/\/roj-auf.de\/en\/hotel-gastronomie\/kuechenchef-hotel-nuernberg-fachkraeftevermittlung-gastronomie-roj\/","og_locale":"en_US","og_type":"article","og_title":"K\u00fcchenchef (m\/w\/d) \u2013 Hotelbetrieb in der N\u00e4he von N\u00fcrnberg","og_description":"Professionelles Foto eines K\u00fcchenchefs in einer deutschen Hotelk\u00fcche. Ideal f\u00fcr Stellenanzeigen und Beitr\u00e4ge zur Fachkr\u00e4ftevermittlung in der Gastronomie in der Region N\u00fcrnberg. Darstellung eines erfahrenen K\u00fcchenchefs f\u00fcr Recruiting, Employer Branding und internationale Personalvermittlung.","og_url":"https:\/\/roj-auf.de\/en\/hotel-gastronomie\/kuechenchef-hotel-nuernberg-fachkraeftevermittlung-gastronomie-roj\/","og_site_name":"roj-auf.de","article_publisher":"https:\/\/www.facebook.com\/RojAuf13\/","article_published_time":"2025-12-11T16:49:22+00:00","article_modified_time":"2026-01-19T09:18:49+00:00","og_image":[{"width":1024,"height":1024,"url":"https:\/\/roj-auf.de\/wp-content\/uploads\/2025\/12\/ChatGPT-Image-11.-Dez.-2025-17_41_16.png","type":"image\/png"}],"author":"Ozan Alhas","twitter_card":"summary_large_image","twitter_misc":{"Written by":"Ozan Alhas","Est. reading time":"1 minute"},"schema":{"@context":"https:\/\/schema.org","@graph":[{"@type":"WebPage","@id":"https:\/\/roj-auf.de\/hotel-gastronomie\/kuechenchef-hotel-nuernberg-fachkraeftevermittlung-gastronomie-roj\/","url":"https:\/\/roj-auf.de\/hotel-gastronomie\/kuechenchef-hotel-nuernberg-fachkraeftevermittlung-gastronomie-roj\/","name":"K\u00fcchenchef (m\/w\/d) \u2013 Hotelbetrieb in der N\u00e4he von N\u00fcrnberg - roj-auf.de","isPartOf":{"@id":"https:\/\/roj-auf.de\/#website"},"primaryImageOfPage":{"@id":"https:\/\/roj-auf.de\/hotel-gastronomie\/kuechenchef-hotel-nuernberg-fachkraeftevermittlung-gastronomie-roj\/#primaryimage"},"image":{"@id":"https:\/\/roj-auf.de\/hotel-gastronomie\/kuechenchef-hotel-nuernberg-fachkraeftevermittlung-gastronomie-roj\/#primaryimage"},"thumbnailUrl":"https:\/\/roj-auf.de\/wp-content\/uploads\/2025\/12\/ChatGPT-Image-11.-Dez.-2025-17_41_16.png","datePublished":"2025-12-11T16:49:22+00:00","dateModified":"2026-01-19T09:18:49+00:00","author":{"@id":"https:\/\/roj-auf.de\/#\/schema\/person\/9b607e98ccbb84f9413e5d7bb6381ee5"},"description":"Professionelles Foto eines K\u00fcchenchefs in einer deutschen Hotelk\u00fcche. Ideal f\u00fcr Stellenanzeigen und Beitr\u00e4ge zur Fachkr\u00e4ftevermittlung in der Gastronomie in der Region N\u00fcrnberg. Darstellung eines erfahrenen K\u00fcchenchefs f\u00fcr Recruiting, Employer Branding und internationale Personalvermittlung.","breadcrumb":{"@id":"https:\/\/roj-auf.de\/hotel-gastronomie\/kuechenchef-hotel-nuernberg-fachkraeftevermittlung-gastronomie-roj\/#breadcrumb"},"inLanguage":"en-US","potentialAction":[{"@type":"ReadAction","target":["https:\/\/roj-auf.de\/hotel-gastronomie\/kuechenchef-hotel-nuernberg-fachkraeftevermittlung-gastronomie-roj\/"]}]},{"@type":"ImageObject","inLanguage":"en-US","@id":"https:\/\/roj-auf.de\/hotel-gastronomie\/kuechenchef-hotel-nuernberg-fachkraeftevermittlung-gastronomie-roj\/#primaryimage","url":"https:\/\/roj-auf.de\/wp-content\/uploads\/2025\/12\/ChatGPT-Image-11.-Dez.-2025-17_41_16.png","contentUrl":"https:\/\/roj-auf.de\/wp-content\/uploads\/2025\/12\/ChatGPT-Image-11.-Dez.-2025-17_41_16.png","width":1024,"height":1024,"caption":"Erfahrener K\u00fcchenchef in professioneller Hotelk\u00fcche"},{"@type":"BreadcrumbList","@id":"https:\/\/roj-auf.de\/hotel-gastronomie\/kuechenchef-hotel-nuernberg-fachkraeftevermittlung-gastronomie-roj\/#breadcrumb","itemListElement":[{"@type":"ListItem","position":1,"name":"Startseite","item":"https:\/\/roj-auf.de\/"},{"@type":"ListItem","position":2,"name":"K\u00fcchenchef (m\/w\/d) \u2013 Hotelbetrieb in der N\u00e4he von N\u00fcrnberg"}]},{"@type":"WebSite","@id":"https:\/\/roj-auf.de\/#website","url":"https:\/\/roj-auf.de\/","name":"Roj Up","description":"Partner for international specialists and junior staff","potentialAction":[{"@type":"SearchAction","target":{"@type":"EntryPoint","urlTemplate":"https:\/\/roj-auf.de\/?s={search_term_string}"},"query-input":{"@type":"PropertyValueSpecification","valueRequired":true,"valueName":"search_term_string"}}],"inLanguage":"en-US"},{"@type":"Person","@id":"https:\/\/roj-auf.de\/#\/schema\/person\/9b607e98ccbb84f9413e5d7bb6381ee5","name":"Ozan Alhas","image":{"@type":"ImageObject","inLanguage":"en-US","@id":"https:\/\/roj-auf.de\/#\/schema\/person\/image\/","url":"https:\/\/secure.gravatar.com\/avatar\/b8d2dbf9578ed80e59c2065601e7703d6fbb3249a33cfcb305394724a90231ce?s=96&d=mm&r=g","contentUrl":"https:\/\/secure.gravatar.com\/avatar\/b8d2dbf9578ed80e59c2065601e7703d6fbb3249a33cfcb305394724a90231ce?s=96&d=mm&r=g","caption":"Ozan Alhas"},"url":"https:\/\/roj-auf.de\/en\/author\/ozan\/"}]}},"_links":{"self":[{"href":"https:\/\/roj-auf.de\/en\/wp-json\/wp\/v2\/posts\/6179","targetHints":{"allow":["GET"]}}],"collection":[{"href":"https:\/\/roj-auf.de\/en\/wp-json\/wp\/v2\/posts"}],"about":[{"href":"https:\/\/roj-auf.de\/en\/wp-json\/wp\/v2\/types\/post"}],"author":[{"embeddable":true,"href":"https:\/\/roj-auf.de\/en\/wp-json\/wp\/v2\/users\/2"}],"replies":[{"embeddable":true,"href":"https:\/\/roj-auf.de\/en\/wp-json\/wp\/v2\/comments?post=6179"}],"version-history":[{"count":1,"href":"https:\/\/roj-auf.de\/en\/wp-json\/wp\/v2\/posts\/6179\/revisions"}],"predecessor-version":[{"id":6181,"href":"https:\/\/roj-auf.de\/en\/wp-json\/wp\/v2\/posts\/6179\/revisions\/6181"}],"wp:featuredmedia":[{"embeddable":true,"href":"https:\/\/roj-auf.de\/en\/wp-json\/wp\/v2\/media\/6180"}],"wp:attachment":[{"href":"https:\/\/roj-auf.de\/en\/wp-json\/wp\/v2\/media?parent=6179"}],"wp:term":[{"taxonomy":"category","embeddable":true,"href":"https:\/\/roj-auf.de\/en\/wp-json\/wp\/v2\/categories?post=6179"},{"taxonomy":"post_tag","embeddable":true,"href":"https:\/\/roj-auf.de\/en\/wp-json\/wp\/v2\/tags?post=6179"}],"curies":[{"name":"wp","href":"https:\/\/api.w.org\/{rel}","templated":true}]}}