{"id":2272,"date":"2026-01-19T10:18:32","date_gmt":"2026-01-19T09:18:32","guid":{"rendered":"https:\/\/roj-auf.de\/?p=2272"},"modified":"2026-01-19T10:18:32","modified_gmt":"2026-01-19T09:18:32","slug":"warum-internationale-fachkraefte-die-loesung-fuer-den-fachkraeftemangel-sind","status":"publish","type":"post","link":"https:\/\/roj-auf.de\/vi\/allgemein\/warum-internationale-fachkraefte-die-loesung-fuer-den-fachkraeftemangel-sind\/","title":{"rendered":"T\u1ea1i sao c\u00e1c chuy\u00ean gia qu\u1ed1c t\u1ebf l\u00e0 gi\u1ea3i ph\u00e1p cho t\u00ecnh tr\u1ea1ng thi\u1ebfu h\u1ee5t k\u1ef9 n\u0103ng"},"content":{"rendered":"<p>S\u1ef1 thay \u0111\u1ed5i nh\u00e2n kh\u1ea9u h\u1ecdc v\u00e0 l\u1ef1c l\u01b0\u1ee3ng lao \u0111\u1ed9ng \u0111ang thu h\u1eb9p \u0111\u1eb7t ra nh\u1eefng th\u00e1ch th\u1ee9c \u0111\u00e1ng k\u1ec3 cho nhi\u1ec1u c\u00f4ng ty. M\u1ed9t s\u1ed1 l\u01b0\u1ee3ng l\u1edbn c\u00e1c v\u1ecb tr\u00ed tuy\u1ec3n d\u1ee5ng v\u1eabn ch\u01b0a \u0111\u01b0\u1ee3c l\u1ea5p \u0111\u1ea7y, \u0111\u1eb7c bi\u1ec7t l\u00e0 trong c\u00e1c l\u0129nh v\u1ef1c nh\u01b0 ngh\u1ec1 c\u00f3 tay ngh\u1ec1, \u0111i\u1ec1u d\u01b0\u1ee1ng v\u00e0 d\u1ecbch v\u1ee5 kh\u00e1ch s\u1ea1n. Tuy\u1ec3n d\u1ee5ng c\u00e1c chuy\u00ean gia qu\u1ed1c t\u1ebf l\u00e0 m\u1ed9t gi\u1ea3i ph\u00e1p \u0111\u1ea7y h\u1ee9a h\u1eb9n.<\/p>\n\n\n\n<p><strong>\u00cdt quan t\u00e2m t\u1eeb trong n\u01b0\u1edbc<\/strong><\/p>\n\n\n\n<p>Nhi\u1ec1u ng\u00e0nh ngh\u1ec1 \u1edf \u0110\u1ee9c \u0111ang thi\u1ebfu h\u1ee5t \u1ee9ng vi\u00ean. L\u00fd do cho t\u00ecnh tr\u1ea1ng n\u00e0y r\u1ea5t \u0111a d\u1ea1ng: thi\u1ebfu h\u1ee9ng th\u00fa, thi\u1ebfu tr\u00ecnh \u0111\u1ed9 ho\u1eb7c th\u00f4ng tin kh\u00f4ng \u0111\u1ea7y \u0111\u1ee7 v\u1ec1 m\u1ed9t s\u1ed1 l\u0129nh v\u1ef1c ngh\u1ec1 nghi\u1ec7p nh\u1ea5t \u0111\u1ecbnh. Nh\u00e2n t\u00e0i qu\u1ed1c t\u1ebf c\u00f3 th\u1ec3 l\u1ea5p \u0111\u1ea7y kho\u1ea3ng tr\u1ed1ng v\u00e0 mang l\u1ea1i lu\u1ed3ng gi\u00f3 m\u1edbi cho c\u00f4ng ty c\u1ee7a b\u1ea1n.<\/p>\n\n\n\n<p><strong>L\u00e0m ch\u1ee7 s\u1ef1 ph\u1ee9c t\u1ea1p c\u1ee7a tuy\u1ec3n d\u1ee5ng qu\u1ed1c t\u1ebf<\/strong><\/p>\n\n\n\n<p>R\u00e0o c\u1ea3n h\u00e0nh ch\u00ednh, quy tr\u00ecnh c\u1ea5p th\u1ecb th\u1ef1c k\u00e9o d\u00e0i v\u00e0 thi\u1ebfu kinh nghi\u1ec7m ng\u0103n c\u1ea3n nhi\u1ec1u c\u00f4ng ty tuy\u1ec3n d\u1ee5ng c\u00e1c chuy\u00ean gia qu\u1ed1c t\u1ebf. Nh\u01b0ng v\u1edbi \u0111\u1ed1i t\u00e1c ph\u00f9 h\u1ee3p b\u00ean c\u1ea1nh, quy tr\u00ecnh n\u00e0y \u0111\u01b0\u1ee3c \u0111\u01a1n gi\u1ea3n h\u00f3a \u0111\u00e1ng k\u1ec3. Ch\u00fang t\u00f4i x\u1eed l\u00fd t\u1ea5t c\u1ea3 c\u00e1c quy tr\u00ecnh h\u00e0nh ch\u00ednh v\u00e0 ph\u00e1p l\u00fd cho b\u1ea1n, t\u1eeb vi\u1ec7c c\u00f4ng nh\u1eadn tr\u00ecnh \u0111\u1ed9 n\u01b0\u1edbc ngo\u00e0i \u0111\u1ebfn vi\u1ec7c t\u1ed5 ch\u1ee9c gi\u1ea5y ph\u00e9p lao \u0111\u1ed9ng v\u00e0 c\u01b0 tr\u00fa.<\/p>\n\n\n\n<p><strong>D\u1ecbch v\u1ee5 c\u1ee7a ch\u00fang t\u00f4i t\u00f3m t\u1eaft<\/strong><\/p>\n\n\n\n<ul class=\"wp-block-list\">\n<li><strong>Khuy\u00ean b\u1ea3o:<\/strong>\u00a0S\u1ebd c\u00f3 m\u1ed9t ng\u01b0\u1eddi li\u00ean h\u1ec7 c\u00e1 nh\u00e2n h\u1ed7 tr\u1ee3 b\u1ea1n trong su\u1ed1t qu\u00e1 tr\u00ecnh v\u00e0 \u0111\u1ea3m b\u1ea3o r\u1eb1ng c\u00e1c y\u00eau c\u1ea7u c\u1ee7a b\u1ea1n \u0111\u01b0\u1ee3c \u0111\u00e1p \u1ee9ng.<\/li>\n\n\n\n<li><strong>Ti\u1ec1n tuy\u1ec3n ch\u1ecdn:<\/strong>\u00a0Chu\u1ea9n b\u1ecb ng\u00f4n ng\u1eef v\u00e0 v\u0103n h\u00f3a cho \u1ee9ng vi\u00ean \u0111\u1ec3 h\u00f2a nh\u1eadp d\u1ec5 d\u00e0ng.<\/li>\n\n\n\n<li><strong>Tuy\u1ec3n d\u1ee5ng:<\/strong>\u00a0Ch\u00fang t\u00f4i t\u00ecm ki\u1ebfm nh\u1eefng t\u00e0i n\u0103ng tr\u1ebb, nh\u00e2n vi\u00ean v\u00e0 chuy\u00ean gia ph\u00f9 h\u1ee3p cho c\u00f4ng ty c\u1ee7a b\u1ea1n \u2013 b\u1ea5t k\u1ec3 ng\u00e0nh ngh\u1ec1 v\u00e0 quy m\u00f4.<\/li>\n\n\n\n<li><strong>T\u1ed5 ch\u1ee9c:<\/strong>\u00a0Ch\u00fang t\u00f4i x\u1eed l\u00fd m\u1ecdi th\u1ee7 t\u1ee5c h\u00e0nh ch\u00ednh v\u00e0 ph\u00e1p l\u00fd \u0111\u1ec3 qu\u00e1 tr\u00ecnh tuy\u1ec3n d\u1ee5ng di\u1ec5n ra su\u00f4n s\u1ebb nh\u1ea5t c\u00f3 th\u1ec3.<\/li>\n\n\n\n<li><strong>H\u01b0\u1edbng d\u1eabn s\u1eed d\u1ee5ng:<\/strong>\u00a0H\u1ed7 tr\u1ee3 ch\u1ed7 \u1edf v\u00e0 \u0111\u0103ng k\u00fd c\u0169ng nh\u01b0 h\u1ed7 tr\u1ee3 li\u00ean t\u1ee5c \u0111\u1ec3 h\u00f2a nh\u1eadp th\u00e0nh c\u00f4ng.<\/li>\n<\/ul>\n\n\n\n<p><strong>Ph\u1ea7n k\u1ebft lu\u1eadn<\/strong><\/p>\n\n\n\n<p>C\u00e1c chuy\u00ean gia qu\u1ed1c t\u1ebf l\u00e0 ngu\u1ed3n l\u1ef1c gi\u00e1 tr\u1ecb \u0111\u1ec3 kh\u1eafc ph\u1ee5c t\u00ecnh tr\u1ea1ng thi\u1ebfu h\u1ee5t k\u1ef9 n\u0103ng v\u00e0 t\u0103ng c\u01b0\u1eddng s\u1ee9c m\u1ea1nh s\u00e1ng t\u1ea1o c\u1ee7a c\u00f4ng ty b\u1ea1n. V\u1edbi s\u1ef1 h\u1ed7 tr\u1ee3 c\u1ee7a ch\u00fang t\u00f4i, vi\u1ec7c tuy\u1ec3n d\u1ee5ng qu\u1ed1c t\u1ebf tr\u1edf n\u00ean \u0111\u01a1n gi\u1ea3n, hi\u1ec7u qu\u1ea3 v\u00e0 ti\u1ebft ki\u1ec7m chi ph\u00ed cho b\u1ea1n. Li\u00ean h\u1ec7 v\u1edbi ch\u00fang t\u00f4i ngay h\u00f4m nay v\u00e0 kh\u00e1m ph\u00e1 c\u00e1c c\u01a1 h\u1ed9i cho c\u00f4ng ty b\u1ea1n.<\/p>","protected":false},"excerpt":{"rendered":"<p>Bi\u1ebfn \u0111\u1ed9ng nh\u00e2n kh\u1ea9u h\u1ecdc v\u00e0 l\u1ef1c l\u01b0\u1ee3ng lao \u0111\u1ed9ng \u0111ang thu h\u1eb9p \u0111\u1eb7t ra nh\u1eefng th\u00e1ch th\u1ee9c \u0111\u00e1ng k\u1ec3 cho nhi\u1ec1u c\u00f4ng ty. \u0110\u1eb7c bi\u1ec7t trong c\u00e1c l\u0129nh v\u1ef1c nh\u01b0 th\u01b0\u01a1ng m\u1ea1i l\u00e0nh ngh\u1ec1, \u0111i\u1ec1u d\u01b0\u1ee1ng v\u00e0 d\u1ecbch v\u1ee5 kh\u00e1ch s\u1ea1n, nhi\u1ec1u v\u1ecb tr\u00ed v\u1eabn ch\u01b0a \u0111\u01b0\u1ee3c l\u1ea5p \u0111\u1ea7y. Tuy\u1ec3n d\u1ee5ng chuy\u00ean gia qu\u1ed1c t\u1ebf l\u00e0 m\u1ed9t gi\u1ea3i ph\u00e1p \u0111\u1ea7y h\u1ee9a h\u1eb9n. Nhu c\u1ea7u tuy\u1ec3n d\u1ee5ng trong n\u01b0\u1edbc th\u1ea5p: Nhi\u1ec1u ng\u00e0nh ngh\u1ec1 \u1edf \u0110\u1ee9c c\u00f3 qu\u00e1 \u00edt \u1ee9ng vi\u00ean. Nguy\u00ean nh\u00e2n c\u1ee7a t\u00ecnh tr\u1ea1ng n\u00e0y r\u1ea5t \u0111a d\u1ea1ng: [\u2026]<\/p>","protected":false},"author":2,"featured_media":3938,"comment_status":"open","ping_status":"open","sticky":false,"template":"","format":"standard","meta":{"footnotes":""},"categories":[1],"tags":[],"class_list":["post-2272","post","type-post","status-publish","format-standard","has-post-thumbnail","hentry","category-allgemein"],"yoast_head":"<!-- This site is optimized with the Yoast SEO Premium plugin v25.6 (Yoast SEO v25.7) - https:\/\/yoast.com\/wordpress\/plugins\/seo\/ -->\n<title>Warum internationale Fachkr\u00e4fte die L\u00f6sung f\u00fcr den Fachkr\u00e4ftemangel sind - roj-auf.de<\/title>\n<meta name=\"robots\" content=\"index, follow, max-snippet:-1, max-image-preview:large, max-video-preview:-1\" \/>\n<link rel=\"canonical\" href=\"https:\/\/roj-auf.de\/vi\/allgemein\/warum-internationale-fachkraefte-die-loesung-fuer-den-fachkraeftemangel-sind\/\" \/>\n<meta property=\"og:locale\" content=\"vi_VN\" \/>\n<meta property=\"og:type\" content=\"article\" \/>\n<meta property=\"og:title\" content=\"Warum internationale Fachkr\u00e4fte die L\u00f6sung f\u00fcr den Fachkr\u00e4ftemangel sind\" \/>\n<meta property=\"og:description\" content=\"Der demografische Wandel und die sinkende Anzahl von Arbeitskr\u00e4ften stellen viele Unternehmen vor erhebliche Herausforderungen. Besonders in Branchen wie Handwerk, Pflege und Gastronomie bleibt eine Vielzahl von Stellen unbesetzt. Eine vielversprechende L\u00f6sung bietet die Rekrutierung internationaler Fachkr\u00e4fte. Geringes Interesse aus dem Inland Viele Berufe haben in Deutschland zu wenig Bewerber. Die Gr\u00fcnde daf\u00fcr sind vielf\u00e4ltig: [&hellip;]\" \/>\n<meta property=\"og:url\" content=\"https:\/\/roj-auf.de\/vi\/allgemein\/warum-internationale-fachkraefte-die-loesung-fuer-den-fachkraeftemangel-sind\/\" \/>\n<meta property=\"og:site_name\" content=\"roj-auf.de\" \/>\n<meta property=\"article:publisher\" content=\"https:\/\/www.facebook.com\/RojAuf13\/\" \/>\n<meta property=\"article:published_time\" content=\"2026-01-19T09:18:32+00:00\" \/>\n<meta property=\"og:image\" content=\"https:\/\/roj-auf.de\/wp-content\/uploads\/2025\/03\/europe-and-germany.png\" \/>\n\t<meta property=\"og:image:width\" content=\"896\" \/>\n\t<meta property=\"og:image:height\" content=\"1344\" \/>\n\t<meta property=\"og:image:type\" content=\"image\/png\" \/>\n<meta name=\"author\" content=\"Ozan Alhas\" \/>\n<meta name=\"twitter:card\" content=\"summary_large_image\" \/>\n<meta name=\"twitter:label1\" content=\"\u0110\u01b0\u1ee3c vi\u1ebft b\u1edfi\" \/>\n\t<meta name=\"twitter:data1\" content=\"Ozan Alhas\" \/>\n\t<meta name=\"twitter:label2\" content=\"\u01af\u1edbc t\u00ednh th\u1eddi gian \u0111\u1ecdc\" \/>\n\t<meta name=\"twitter:data2\" content=\"2 ph\u00fat\" \/>\n<script type=\"application\/ld+json\" class=\"yoast-schema-graph\">{\"@context\":\"https:\/\/schema.org\",\"@graph\":[{\"@type\":\"WebPage\",\"@id\":\"https:\/\/roj-auf.de\/allgemein\/warum-internationale-fachkraefte-die-loesung-fuer-den-fachkraeftemangel-sind\/\",\"url\":\"https:\/\/roj-auf.de\/allgemein\/warum-internationale-fachkraefte-die-loesung-fuer-den-fachkraeftemangel-sind\/\",\"name\":\"Warum internationale Fachkr\u00e4fte die L\u00f6sung f\u00fcr den Fachkr\u00e4ftemangel sind - roj-auf.de\",\"isPartOf\":{\"@id\":\"https:\/\/roj-auf.de\/#website\"},\"primaryImageOfPage\":{\"@id\":\"https:\/\/roj-auf.de\/allgemein\/warum-internationale-fachkraefte-die-loesung-fuer-den-fachkraeftemangel-sind\/#primaryimage\"},\"image\":{\"@id\":\"https:\/\/roj-auf.de\/allgemein\/warum-internationale-fachkraefte-die-loesung-fuer-den-fachkraeftemangel-sind\/#primaryimage\"},\"thumbnailUrl\":\"https:\/\/roj-auf.de\/wp-content\/uploads\/2025\/03\/europe-and-germany.png\",\"datePublished\":\"2026-01-19T09:18:32+00:00\",\"author\":{\"@id\":\"https:\/\/roj-auf.de\/#\/schema\/person\/9b607e98ccbb84f9413e5d7bb6381ee5\"},\"breadcrumb\":{\"@id\":\"https:\/\/roj-auf.de\/allgemein\/warum-internationale-fachkraefte-die-loesung-fuer-den-fachkraeftemangel-sind\/#breadcrumb\"},\"inLanguage\":\"vi\",\"potentialAction\":[{\"@type\":\"ReadAction\",\"target\":[\"https:\/\/roj-auf.de\/allgemein\/warum-internationale-fachkraefte-die-loesung-fuer-den-fachkraeftemangel-sind\/\"]}]},{\"@type\":\"ImageObject\",\"inLanguage\":\"vi\",\"@id\":\"https:\/\/roj-auf.de\/allgemein\/warum-internationale-fachkraefte-die-loesung-fuer-den-fachkraeftemangel-sind\/#primaryimage\",\"url\":\"https:\/\/roj-auf.de\/wp-content\/uploads\/2025\/03\/europe-and-germany.png\",\"contentUrl\":\"https:\/\/roj-auf.de\/wp-content\/uploads\/2025\/03\/europe-and-germany.png\",\"width\":896,\"height\":1344,\"caption\":\"Karrierestart in Deutschland\"},{\"@type\":\"BreadcrumbList\",\"@id\":\"https:\/\/roj-auf.de\/allgemein\/warum-internationale-fachkraefte-die-loesung-fuer-den-fachkraeftemangel-sind\/#breadcrumb\",\"itemListElement\":[{\"@type\":\"ListItem\",\"position\":1,\"name\":\"Startseite\",\"item\":\"https:\/\/roj-auf.de\/\"},{\"@type\":\"ListItem\",\"position\":2,\"name\":\"Warum internationale Fachkr\u00e4fte die L\u00f6sung f\u00fcr den Fachkr\u00e4ftemangel sind\"}]},{\"@type\":\"WebSite\",\"@id\":\"https:\/\/roj-auf.de\/#website\",\"url\":\"https:\/\/roj-auf.de\/\",\"name\":\"Roj Auf\",\"description\":\"Partner f\u00fcr internationale Fach- und Nachwuchskr\u00e4fte\",\"potentialAction\":[{\"@type\":\"SearchAction\",\"target\":{\"@type\":\"EntryPoint\",\"urlTemplate\":\"https:\/\/roj-auf.de\/?s={search_term_string}\"},\"query-input\":{\"@type\":\"PropertyValueSpecification\",\"valueRequired\":true,\"valueName\":\"search_term_string\"}}],\"inLanguage\":\"vi\"},{\"@type\":\"Person\",\"@id\":\"https:\/\/roj-auf.de\/#\/schema\/person\/9b607e98ccbb84f9413e5d7bb6381ee5\",\"name\":\"Ozan Alhas\",\"image\":{\"@type\":\"ImageObject\",\"inLanguage\":\"vi\",\"@id\":\"https:\/\/roj-auf.de\/#\/schema\/person\/image\/\",\"url\":\"https:\/\/secure.gravatar.com\/avatar\/b8d2dbf9578ed80e59c2065601e7703d6fbb3249a33cfcb305394724a90231ce?s=96&d=mm&r=g\",\"contentUrl\":\"https:\/\/secure.gravatar.com\/avatar\/b8d2dbf9578ed80e59c2065601e7703d6fbb3249a33cfcb305394724a90231ce?s=96&d=mm&r=g\",\"caption\":\"Ozan Alhas\"},\"url\":\"https:\/\/roj-auf.de\/vi\/author\/ozan\/\"}]}<\/script>\n<!-- \/ Yoast SEO Premium plugin. -->","yoast_head_json":{"title":"Warum internationale Fachkr\u00e4fte die L\u00f6sung f\u00fcr den Fachkr\u00e4ftemangel sind - roj-auf.de","robots":{"index":"index","follow":"follow","max-snippet":"max-snippet:-1","max-image-preview":"max-image-preview:large","max-video-preview":"max-video-preview:-1"},"canonical":"https:\/\/roj-auf.de\/vi\/allgemein\/warum-internationale-fachkraefte-die-loesung-fuer-den-fachkraeftemangel-sind\/","og_locale":"vi_VN","og_type":"article","og_title":"Warum internationale Fachkr\u00e4fte die L\u00f6sung f\u00fcr den Fachkr\u00e4ftemangel sind","og_description":"Der demografische Wandel und die sinkende Anzahl von Arbeitskr\u00e4ften stellen viele Unternehmen vor erhebliche Herausforderungen. Besonders in Branchen wie Handwerk, Pflege und Gastronomie bleibt eine Vielzahl von Stellen unbesetzt. Eine vielversprechende L\u00f6sung bietet die Rekrutierung internationaler Fachkr\u00e4fte. Geringes Interesse aus dem Inland Viele Berufe haben in Deutschland zu wenig Bewerber. Die Gr\u00fcnde daf\u00fcr sind vielf\u00e4ltig: [&hellip;]","og_url":"https:\/\/roj-auf.de\/vi\/allgemein\/warum-internationale-fachkraefte-die-loesung-fuer-den-fachkraeftemangel-sind\/","og_site_name":"roj-auf.de","article_publisher":"https:\/\/www.facebook.com\/RojAuf13\/","article_published_time":"2026-01-19T09:18:32+00:00","og_image":[{"width":896,"height":1344,"url":"https:\/\/roj-auf.de\/wp-content\/uploads\/2025\/03\/europe-and-germany.png","type":"image\/png"}],"author":"Ozan Alhas","twitter_card":"summary_large_image","twitter_misc":{"\u0110\u01b0\u1ee3c vi\u1ebft b\u1edfi":"Ozan Alhas","\u01af\u1edbc t\u00ednh th\u1eddi gian \u0111\u1ecdc":"2 ph\u00fat"},"schema":{"@context":"https:\/\/schema.org","@graph":[{"@type":"WebPage","@id":"https:\/\/roj-auf.de\/allgemein\/warum-internationale-fachkraefte-die-loesung-fuer-den-fachkraeftemangel-sind\/","url":"https:\/\/roj-auf.de\/allgemein\/warum-internationale-fachkraefte-die-loesung-fuer-den-fachkraeftemangel-sind\/","name":"Warum internationale Fachkr\u00e4fte die L\u00f6sung f\u00fcr den Fachkr\u00e4ftemangel sind - roj-auf.de","isPartOf":{"@id":"https:\/\/roj-auf.de\/#website"},"primaryImageOfPage":{"@id":"https:\/\/roj-auf.de\/allgemein\/warum-internationale-fachkraefte-die-loesung-fuer-den-fachkraeftemangel-sind\/#primaryimage"},"image":{"@id":"https:\/\/roj-auf.de\/allgemein\/warum-internationale-fachkraefte-die-loesung-fuer-den-fachkraeftemangel-sind\/#primaryimage"},"thumbnailUrl":"https:\/\/roj-auf.de\/wp-content\/uploads\/2025\/03\/europe-and-germany.png","datePublished":"2026-01-19T09:18:32+00:00","author":{"@id":"https:\/\/roj-auf.de\/#\/schema\/person\/9b607e98ccbb84f9413e5d7bb6381ee5"},"breadcrumb":{"@id":"https:\/\/roj-auf.de\/allgemein\/warum-internationale-fachkraefte-die-loesung-fuer-den-fachkraeftemangel-sind\/#breadcrumb"},"inLanguage":"vi","potentialAction":[{"@type":"ReadAction","target":["https:\/\/roj-auf.de\/allgemein\/warum-internationale-fachkraefte-die-loesung-fuer-den-fachkraeftemangel-sind\/"]}]},{"@type":"ImageObject","inLanguage":"vi","@id":"https:\/\/roj-auf.de\/allgemein\/warum-internationale-fachkraefte-die-loesung-fuer-den-fachkraeftemangel-sind\/#primaryimage","url":"https:\/\/roj-auf.de\/wp-content\/uploads\/2025\/03\/europe-and-germany.png","contentUrl":"https:\/\/roj-auf.de\/wp-content\/uploads\/2025\/03\/europe-and-germany.png","width":896,"height":1344,"caption":"Karrierestart in Deutschland"},{"@type":"BreadcrumbList","@id":"https:\/\/roj-auf.de\/allgemein\/warum-internationale-fachkraefte-die-loesung-fuer-den-fachkraeftemangel-sind\/#breadcrumb","itemListElement":[{"@type":"ListItem","position":1,"name":"Startseite","item":"https:\/\/roj-auf.de\/"},{"@type":"ListItem","position":2,"name":"Warum internationale Fachkr\u00e4fte die L\u00f6sung f\u00fcr den Fachkr\u00e4ftemangel sind"}]},{"@type":"WebSite","@id":"https:\/\/roj-auf.de\/#website","url":"https:\/\/roj-auf.de\/","name":"Roj Auf","description":"\u0110\u1ed1i t\u00e1c cho c\u00e1c chuy\u00ean gia qu\u1ed1c t\u1ebf v\u00e0 chuy\u00ean gia tr\u1ebb","potentialAction":[{"@type":"SearchAction","target":{"@type":"EntryPoint","urlTemplate":"https:\/\/roj-auf.de\/?s={search_term_string}"},"query-input":{"@type":"PropertyValueSpecification","valueRequired":true,"valueName":"search_term_string"}}],"inLanguage":"vi"},{"@type":"Person","@id":"https:\/\/roj-auf.de\/#\/schema\/person\/9b607e98ccbb84f9413e5d7bb6381ee5","name":"Ozan Alhas","image":{"@type":"ImageObject","inLanguage":"vi","@id":"https:\/\/roj-auf.de\/#\/schema\/person\/image\/","url":"https:\/\/secure.gravatar.com\/avatar\/b8d2dbf9578ed80e59c2065601e7703d6fbb3249a33cfcb305394724a90231ce?s=96&d=mm&r=g","contentUrl":"https:\/\/secure.gravatar.com\/avatar\/b8d2dbf9578ed80e59c2065601e7703d6fbb3249a33cfcb305394724a90231ce?s=96&d=mm&r=g","caption":"Ozan Alhas"},"url":"https:\/\/roj-auf.de\/vi\/author\/ozan\/"}]}},"_links":{"self":[{"href":"https:\/\/roj-auf.de\/vi\/wp-json\/wp\/v2\/posts\/2272","targetHints":{"allow":["GET"]}}],"collection":[{"href":"https:\/\/roj-auf.de\/vi\/wp-json\/wp\/v2\/posts"}],"about":[{"href":"https:\/\/roj-auf.de\/vi\/wp-json\/wp\/v2\/types\/post"}],"author":[{"embeddable":true,"href":"https:\/\/roj-auf.de\/vi\/wp-json\/wp\/v2\/users\/2"}],"replies":[{"embeddable":true,"href":"https:\/\/roj-auf.de\/vi\/wp-json\/wp\/v2\/comments?post=2272"}],"version-history":[{"count":1,"href":"https:\/\/roj-auf.de\/vi\/wp-json\/wp\/v2\/posts\/2272\/revisions"}],"predecessor-version":[{"id":6323,"href":"https:\/\/roj-auf.de\/vi\/wp-json\/wp\/v2\/posts\/2272\/revisions\/6323"}],"wp:featuredmedia":[{"embeddable":true,"href":"https:\/\/roj-auf.de\/vi\/wp-json\/wp\/v2\/media\/3938"}],"wp:attachment":[{"href":"https:\/\/roj-auf.de\/vi\/wp-json\/wp\/v2\/media?parent=2272"}],"wp:term":[{"taxonomy":"category","embeddable":true,"href":"https:\/\/roj-auf.de\/vi\/wp-json\/wp\/v2\/categories?post=2272"},{"taxonomy":"post_tag","embeddable":true,"href":"https:\/\/roj-auf.de\/vi\/wp-json\/wp\/v2\/tags?post=2272"}],"curies":[{"name":"wp","href":"https:\/\/api.w.org\/{rel}","templated":true}]}}