{"id":2277,"date":"2026-01-19T10:18:31","date_gmt":"2026-01-19T09:18:31","guid":{"rendered":"https:\/\/roj-auf.de\/?p=2277"},"modified":"2026-01-19T10:18:31","modified_gmt":"2026-01-19T09:18:31","slug":"die-5-groessten-mythen-ueber-internationale-fachkraefte","status":"publish","type":"post","link":"https:\/\/roj-auf.de\/vi\/allgemein\/die-5-groessten-mythen-ueber-internationale-fachkraefte\/","title":{"rendered":"5 quan ni\u1ec7m sai l\u1ea7m l\u1edbn nh\u1ea5t v\u1ec1 c\u00e1c chuy\u00ean gia qu\u1ed1c t\u1ebf"},"content":{"rendered":"<p>S\u1ef1 thi\u1ebfu h\u1ee5t lao \u0111\u1ed9ng c\u00f3 tay ngh\u1ec1 \u0111\u1eb7t ra th\u00e1ch th\u1ee9c l\u1edbn cho nhi\u1ec1u c\u00f4ng ty \u1edf \u0110\u1ee9c. T\u00e0i n\u0103ng qu\u1ed1c t\u1ebf c\u00f3 th\u1ec3 l\u00e0 gi\u1ea3i ph\u00e1p \u2013 nh\u01b0ng nhi\u1ec1u nh\u00e0 tuy\u1ec3n d\u1ee5ng c\u00f3 \u0111\u1ecbnh ki\u1ebfn ho\u1eb7c e ng\u1ea1i. Ch\u00fang t\u00f4i l\u00e0m r\u00f5 n\u0103m huy\u1ec1n tho\u1ea1i l\u1edbn nh\u1ea5t.<\/p>\n\n\n\n<h4 class=\"wp-block-heading\"><strong>1. \u201cC\u00e1c chuy\u00ean gia qu\u1ed1c t\u1ebf kh\u00f4ng n\u00f3i \u0111\u01b0\u1ee3c ti\u1ebfng \u0110\u1ee9c.\u201d<\/strong><\/h4>\n\n\n\n<p>Nhi\u1ec1u chuy\u00ean gia n\u01b0\u1edbc ngo\u00e0i \u0111\u00e3 c\u00f3 k\u1ef9 n\u0103ng ti\u1ebfng \u0110\u1ee9c c\u01a1 b\u1ea3n ho\u1eb7c s\u1eb5n s\u00e0ng tham gia \u0111\u00e0o t\u1ea1o chuy\u00ean s\u00e2u h\u01a1n. Ch\u00fang t\u00f4i c\u0169ng cung c\u1ea5p c\u00e1c kh\u00f3a h\u1ecdc ng\u00f4n ng\u1eef v\u00e0 chu\u1ea9n b\u1ecb v\u0103n h\u00f3a \u0111\u1ec3 \u0111\u1ea3m b\u1ea3o s\u1ef1 h\u00f2a nh\u1eadp su\u00f4n s\u1ebb.<\/p>\n\n\n\n<h4 class=\"wp-block-heading\"><strong>2. \u201cVi\u1ec7c tuy\u1ec3n d\u1ee5ng nh\u00e2n vi\u00ean qu\u1ed1c t\u1ebf qu\u00e1 ph\u1ee9c t\u1ea1p.\u201d<\/strong><\/h4>\n\n\n\n<p>\u0110\u00fang l\u00e0 c\u00e1c quy tr\u00ecnh h\u00e0nh ch\u00ednh nh\u01b0 \u0111\u01a1n xin th\u1ecb th\u1ef1c ho\u1eb7c th\u1ee7 t\u1ee5c c\u00f4ng nh\u1eadn c\u00f3 th\u1ec3 t\u1ed1n th\u1eddi gian. Nh\u01b0ng v\u1edbi \u0111\u1ed1i t\u00e1c ph\u00f9 h\u1ee3p b\u00ean c\u1ea1nh, ch\u00fang t\u00f4i c\u00f3 th\u1ec3 x\u1eed l\u00fd c\u00e1c nhi\u1ec7m v\u1ee5 n\u00e0y cho b\u1ea1n \u2013 t\u1eeb tuy\u1ec3n d\u1ee5ng \u0111\u1ebfn b\u1eaft \u0111\u1ea7u c\u00f4ng vi\u1ec7c.<\/p>\n\n\n\n<h4 class=\"wp-block-heading\"><strong>3. \u201cC\u00e1c chuy\u00ean gia qu\u1ed1c t\u1ebf ch\u01b0a \u0111\u01b0\u1ee3c \u0111\u00e0o t\u1ea1o b\u00e0i b\u1ea3n.\u201d<\/strong><\/h4>\n\n\n\n<p>Nhi\u1ec1u chuy\u00ean gia n\u01b0\u1edbc ngo\u00e0i c\u00f3 tr\u00ecnh \u0111\u1ed9 h\u1ecdc v\u1ea5n v\u00e0 kinh nghi\u1ec7m chuy\u00ean m\u00f4n cao. Ch\u00fang t\u00f4i \u0111\u1ea3m b\u1ea3o ch\u1ec9 tuy\u1ec3n d\u1ee5ng nh\u1eefng \u1ee9ng vi\u00ean c\u00f3 tr\u00ecnh \u0111\u1ed9, c\u00f3 tr\u00ecnh \u0111\u1ed9 \u0111\u01b0\u1ee3c c\u00f4ng nh\u1eadn khi ph\u00f9 h\u1ee3p ho\u1eb7c \u0111\u01b0\u1ee3c b\u1ed5 sung b\u1eb1ng \u0111\u00e0o t\u1ea1o th\u00eam.<\/p>\n\n\n\n<h4 class=\"wp-block-heading\"><strong>4. \u201cNh\u00e2n vi\u00ean qu\u1ed1c t\u1ebf kh\u00f4ng g\u1eafn b\u00f3 l\u00e2u d\u00e0i v\u1edbi c\u00f4ng ty.\u201d<\/strong><\/h4>\n\n\n\n<p>H\u1ea7u h\u1ebft nh\u1eefng ng\u01b0\u1eddi lao \u0111\u1ed9ng c\u00f3 tay ngh\u1ec1 \u0111\u1ebfn \u0110\u1ee9c \u0111\u1ec1u t\u00ecm ki\u1ebfm tri\u1ec3n v\u1ecdng l\u00e2u d\u00e0i. V\u1edbi s\u1ef1 \u0111\u00e0o t\u1ea1o, h\u1ed7 tr\u1ee3 v\u00e0 \u0111i\u1ec1u ki\u1ec7n l\u00e0m vi\u1ec7c t\u1ed1t, h\u1ecd th\u01b0\u1eddng trung th\u00e0nh v\u1edbi c\u00f4ng ty trong nhi\u1ec1u n\u0103m.<\/p>\n\n\n\n<h4 class=\"wp-block-heading\"><strong>5. \u201cVi\u1ec7c h\u1ed9i nh\u1eadp nh\u00e2n vi\u00ean qu\u1ed1c t\u1ebf l\u00e0 kh\u00f3 kh\u0103n.\u201d<\/strong><\/h4>\n\n\n\n<p>H\u1ed9i nh\u1eadp l\u00e0 m\u1ed9t qu\u00e1 tr\u00ecnh \u2013 v\u00e0 ch\u00fang t\u00f4i h\u1ed7 tr\u1ee3 ngay t\u1eeb \u0111\u1ea7u. Ngo\u00e0i c\u00e1c kh\u00f3a h\u1ecdc ng\u00f4n ng\u1eef, ch\u00fang t\u00f4i c\u00f2n h\u1ed7 tr\u1ee3 t\u00ecm ch\u1ed7 \u1edf, gi\u1ea3i quy\u1ebft c\u00e1c th\u1ee7 t\u1ee5c h\u00e0nh ch\u00ednh v\u00e0 \u0111\u00e0o t\u1ea1o li\u00ean v\u0103n h\u00f3a. \u0110i\u1ec1u n\u00e0y gi\u00fap nh\u00e2n vi\u00ean m\u1edbi nhanh ch\u00f3ng h\u00f2a nh\u1eadp v\u1edbi c\u00f4ng ty v\u00e0 cu\u1ed9c s\u1ed1ng h\u00e0ng ng\u00e0y c\u1ee7a h\u1ecd.<\/p>\n\n\n\n<p><strong>Ph\u1ea7n k\u1ebft lu\u1eadn:<\/strong>&nbsp;C\u00e1c chuy\u00ean gia qu\u1ed1c t\u1ebf l\u00e0 t\u00e0i s\u1ea3n c\u00f3 gi\u00e1 tr\u1ecb \u0111\u1ed1i v\u1edbi th\u1ecb tr\u01b0\u1eddng lao \u0111\u1ed9ng \u0110\u1ee9c. V\u1edbi s\u1ef1 h\u1ed7 tr\u1ee3 chuy\u00ean nghi\u1ec7p, c\u00e1c c\u00f4ng ty c\u00f3 th\u1ec3 h\u01b0\u1edfng l\u1ee3i t\u1eeb ki\u1ebfn th\u1ee9c, kinh nghi\u1ec7m v\u00e0 cam k\u1ebft c\u1ee7a h\u1ecd. \u0110\u1eebng \u0111\u1ec3 nh\u1eefng l\u1eddi \u0111\u1ed3n l\u00e0m b\u1ea1n b\u1ed1i r\u1ed1i \u2013 h\u00e3y n\u1eafm b\u1eaft c\u01a1 h\u1ed9i!<\/p>","protected":false},"excerpt":{"rendered":"<p>Thi\u1ebfu h\u1ee5t lao \u0111\u1ed9ng l\u00e0nh ngh\u1ec1 l\u00e0 m\u1ed9t th\u00e1ch th\u1ee9c l\u1edbn \u0111\u1ed1i v\u1edbi nhi\u1ec1u c\u00f4ng ty \u1edf \u0110\u1ee9c. Nh\u00e2n t\u00e0i qu\u1ed1c t\u1ebf c\u00f3 th\u1ec3 l\u00e0 gi\u1ea3i ph\u00e1p \u2013 nh\u01b0ng nhi\u1ec1u nh\u00e0 tuy\u1ec3n d\u1ee5ng v\u1eabn c\u00f2n \u0111\u1ecbnh ki\u1ebfn ho\u1eb7c e ng\u1ea1i. Ch\u00fang t\u00f4i s\u1ebd l\u00e0m r\u00f5 n\u0103m l\u1ea7m t\u01b0\u1edfng ph\u1ed5 bi\u1ebfn nh\u1ea5t. 1. &quot;Lao \u0111\u1ed9ng l\u00e0nh ngh\u1ec1 qu\u1ed1c t\u1ebf kh\u00f4ng n\u00f3i \u0111\u01b0\u1ee3c ti\u1ebfng \u0110\u1ee9c&quot;. Nhi\u1ec1u lao \u0111\u1ed9ng l\u00e0nh ngh\u1ec1 n\u01b0\u1edbc ngo\u00e0i \u0111\u00e3 c\u00f3 k\u1ef9 n\u0103ng ti\u1ebfng \u0110\u1ee9c c\u01a1 b\u1ea3n ho\u1eb7c s\u1eb5n s\u00e0ng tham gia c\u00e1c kh\u00f3a \u0111\u00e0o t\u1ea1o chuy\u00ean s\u00e2u h\u01a1n. Ngo\u00e0i ra, [\u2026]<\/p>","protected":false},"author":2,"featured_media":3941,"comment_status":"open","ping_status":"open","sticky":false,"template":"","format":"standard","meta":{"footnotes":""},"categories":[1],"tags":[],"class_list":["post-2277","post","type-post","status-publish","format-standard","has-post-thumbnail","hentry","category-allgemein"],"yoast_head":"<!-- This site is optimized with the Yoast SEO Premium plugin v25.6 (Yoast SEO v25.7) - https:\/\/yoast.com\/wordpress\/plugins\/seo\/ -->\n<title>Die 5 gr\u00f6\u00dften Mythen \u00fcber internationale Fachkr\u00e4fte - roj-auf.de<\/title>\n<meta name=\"robots\" content=\"index, follow, max-snippet:-1, max-image-preview:large, max-video-preview:-1\" \/>\n<link rel=\"canonical\" href=\"https:\/\/roj-auf.de\/vi\/allgemein\/die-5-groessten-mythen-ueber-internationale-fachkraefte\/\" \/>\n<meta property=\"og:locale\" content=\"vi_VN\" \/>\n<meta property=\"og:type\" content=\"article\" \/>\n<meta property=\"og:title\" content=\"Die 5 gr\u00f6\u00dften Mythen \u00fcber internationale Fachkr\u00e4fte\" \/>\n<meta property=\"og:description\" content=\"Der Fachkr\u00e4ftemangel ist f\u00fcr viele Unternehmen in Deutschland eine gro\u00dfe Herausforderung. Internationale Talente k\u00f6nnten die L\u00f6sung sein \u2013 doch viele Arbeitgeber haben Vorurteile oder Bedenken. Wir kl\u00e4ren \u00fcber die f\u00fcnf gr\u00f6\u00dften Mythen auf. 1. \u201eInternationale Fachkr\u00e4fte sprechen kein Deutsch.\u201c Viele ausl\u00e4ndische Fachkr\u00e4fte bringen bereits Grundkenntnisse in Deutsch mit oder sind bereit, sich intensiv weiterzubilden. Zudem [&hellip;]\" \/>\n<meta property=\"og:url\" content=\"https:\/\/roj-auf.de\/vi\/allgemein\/die-5-groessten-mythen-ueber-internationale-fachkraefte\/\" \/>\n<meta property=\"og:site_name\" content=\"roj-auf.de\" \/>\n<meta property=\"article:publisher\" content=\"https:\/\/www.facebook.com\/RojAuf13\/\" \/>\n<meta property=\"article:published_time\" content=\"2026-01-19T09:18:31+00:00\" \/>\n<meta property=\"og:image\" content=\"https:\/\/roj-auf.de\/wp-content\/uploads\/2025\/03\/city-germany-1024x847.png\" \/>\n\t<meta property=\"og:image:width\" content=\"1024\" \/>\n\t<meta property=\"og:image:height\" content=\"847\" \/>\n\t<meta property=\"og:image:type\" content=\"image\/png\" \/>\n<meta name=\"author\" content=\"Ozan Alhas\" \/>\n<meta name=\"twitter:card\" content=\"summary_large_image\" \/>\n<meta name=\"twitter:label1\" content=\"\u0110\u01b0\u1ee3c vi\u1ebft b\u1edfi\" \/>\n\t<meta name=\"twitter:data1\" content=\"Ozan Alhas\" \/>\n\t<meta name=\"twitter:label2\" content=\"\u01af\u1edbc t\u00ednh th\u1eddi gian \u0111\u1ecdc\" \/>\n\t<meta name=\"twitter:data2\" content=\"2 ph\u00fat\" \/>\n<script type=\"application\/ld+json\" class=\"yoast-schema-graph\">{\"@context\":\"https:\/\/schema.org\",\"@graph\":[{\"@type\":\"WebPage\",\"@id\":\"https:\/\/roj-auf.de\/allgemein\/die-5-groessten-mythen-ueber-internationale-fachkraefte\/\",\"url\":\"https:\/\/roj-auf.de\/allgemein\/die-5-groessten-mythen-ueber-internationale-fachkraefte\/\",\"name\":\"Die 5 gr\u00f6\u00dften Mythen \u00fcber internationale Fachkr\u00e4fte - roj-auf.de\",\"isPartOf\":{\"@id\":\"https:\/\/roj-auf.de\/#website\"},\"primaryImageOfPage\":{\"@id\":\"https:\/\/roj-auf.de\/allgemein\/die-5-groessten-mythen-ueber-internationale-fachkraefte\/#primaryimage\"},\"image\":{\"@id\":\"https:\/\/roj-auf.de\/allgemein\/die-5-groessten-mythen-ueber-internationale-fachkraefte\/#primaryimage\"},\"thumbnailUrl\":\"https:\/\/roj-auf.de\/wp-content\/uploads\/2025\/03\/city-germany.png\",\"datePublished\":\"2026-01-19T09:18:31+00:00\",\"author\":{\"@id\":\"https:\/\/roj-auf.de\/#\/schema\/person\/9b607e98ccbb84f9413e5d7bb6381ee5\"},\"breadcrumb\":{\"@id\":\"https:\/\/roj-auf.de\/allgemein\/die-5-groessten-mythen-ueber-internationale-fachkraefte\/#breadcrumb\"},\"inLanguage\":\"vi\",\"potentialAction\":[{\"@type\":\"ReadAction\",\"target\":[\"https:\/\/roj-auf.de\/allgemein\/die-5-groessten-mythen-ueber-internationale-fachkraefte\/\"]}]},{\"@type\":\"ImageObject\",\"inLanguage\":\"vi\",\"@id\":\"https:\/\/roj-auf.de\/allgemein\/die-5-groessten-mythen-ueber-internationale-fachkraefte\/#primaryimage\",\"url\":\"https:\/\/roj-auf.de\/wp-content\/uploads\/2025\/03\/city-germany.png\",\"contentUrl\":\"https:\/\/roj-auf.de\/wp-content\/uploads\/2025\/03\/city-germany.png\",\"width\":1200,\"height\":992,\"caption\":\"Recruiting internationale Talente\"},{\"@type\":\"BreadcrumbList\",\"@id\":\"https:\/\/roj-auf.de\/allgemein\/die-5-groessten-mythen-ueber-internationale-fachkraefte\/#breadcrumb\",\"itemListElement\":[{\"@type\":\"ListItem\",\"position\":1,\"name\":\"Startseite\",\"item\":\"https:\/\/roj-auf.de\/\"},{\"@type\":\"ListItem\",\"position\":2,\"name\":\"Die 5 gr\u00f6\u00dften Mythen \u00fcber internationale Fachkr\u00e4fte\"}]},{\"@type\":\"WebSite\",\"@id\":\"https:\/\/roj-auf.de\/#website\",\"url\":\"https:\/\/roj-auf.de\/\",\"name\":\"Roj Auf\",\"description\":\"Partner f\u00fcr internationale Fach- und Nachwuchskr\u00e4fte\",\"potentialAction\":[{\"@type\":\"SearchAction\",\"target\":{\"@type\":\"EntryPoint\",\"urlTemplate\":\"https:\/\/roj-auf.de\/?s={search_term_string}\"},\"query-input\":{\"@type\":\"PropertyValueSpecification\",\"valueRequired\":true,\"valueName\":\"search_term_string\"}}],\"inLanguage\":\"vi\"},{\"@type\":\"Person\",\"@id\":\"https:\/\/roj-auf.de\/#\/schema\/person\/9b607e98ccbb84f9413e5d7bb6381ee5\",\"name\":\"Ozan Alhas\",\"image\":{\"@type\":\"ImageObject\",\"inLanguage\":\"vi\",\"@id\":\"https:\/\/roj-auf.de\/#\/schema\/person\/image\/\",\"url\":\"https:\/\/secure.gravatar.com\/avatar\/b8d2dbf9578ed80e59c2065601e7703d6fbb3249a33cfcb305394724a90231ce?s=96&d=mm&r=g\",\"contentUrl\":\"https:\/\/secure.gravatar.com\/avatar\/b8d2dbf9578ed80e59c2065601e7703d6fbb3249a33cfcb305394724a90231ce?s=96&d=mm&r=g\",\"caption\":\"Ozan Alhas\"},\"url\":\"https:\/\/roj-auf.de\/vi\/author\/ozan\/\"}]}<\/script>\n<!-- \/ Yoast SEO Premium plugin. -->","yoast_head_json":{"title":"Die 5 gr\u00f6\u00dften Mythen \u00fcber internationale Fachkr\u00e4fte - roj-auf.de","robots":{"index":"index","follow":"follow","max-snippet":"max-snippet:-1","max-image-preview":"max-image-preview:large","max-video-preview":"max-video-preview:-1"},"canonical":"https:\/\/roj-auf.de\/vi\/allgemein\/die-5-groessten-mythen-ueber-internationale-fachkraefte\/","og_locale":"vi_VN","og_type":"article","og_title":"Die 5 gr\u00f6\u00dften Mythen \u00fcber internationale Fachkr\u00e4fte","og_description":"Der Fachkr\u00e4ftemangel ist f\u00fcr viele Unternehmen in Deutschland eine gro\u00dfe Herausforderung. Internationale Talente k\u00f6nnten die L\u00f6sung sein \u2013 doch viele Arbeitgeber haben Vorurteile oder Bedenken. Wir kl\u00e4ren \u00fcber die f\u00fcnf gr\u00f6\u00dften Mythen auf. 1. \u201eInternationale Fachkr\u00e4fte sprechen kein Deutsch.\u201c Viele ausl\u00e4ndische Fachkr\u00e4fte bringen bereits Grundkenntnisse in Deutsch mit oder sind bereit, sich intensiv weiterzubilden. Zudem [&hellip;]","og_url":"https:\/\/roj-auf.de\/vi\/allgemein\/die-5-groessten-mythen-ueber-internationale-fachkraefte\/","og_site_name":"roj-auf.de","article_publisher":"https:\/\/www.facebook.com\/RojAuf13\/","article_published_time":"2026-01-19T09:18:31+00:00","og_image":[{"width":1024,"height":847,"url":"https:\/\/roj-auf.de\/wp-content\/uploads\/2025\/03\/city-germany-1024x847.png","type":"image\/png"}],"author":"Ozan Alhas","twitter_card":"summary_large_image","twitter_misc":{"\u0110\u01b0\u1ee3c vi\u1ebft b\u1edfi":"Ozan Alhas","\u01af\u1edbc t\u00ednh th\u1eddi gian \u0111\u1ecdc":"2 ph\u00fat"},"schema":{"@context":"https:\/\/schema.org","@graph":[{"@type":"WebPage","@id":"https:\/\/roj-auf.de\/allgemein\/die-5-groessten-mythen-ueber-internationale-fachkraefte\/","url":"https:\/\/roj-auf.de\/allgemein\/die-5-groessten-mythen-ueber-internationale-fachkraefte\/","name":"Die 5 gr\u00f6\u00dften Mythen \u00fcber internationale Fachkr\u00e4fte - roj-auf.de","isPartOf":{"@id":"https:\/\/roj-auf.de\/#website"},"primaryImageOfPage":{"@id":"https:\/\/roj-auf.de\/allgemein\/die-5-groessten-mythen-ueber-internationale-fachkraefte\/#primaryimage"},"image":{"@id":"https:\/\/roj-auf.de\/allgemein\/die-5-groessten-mythen-ueber-internationale-fachkraefte\/#primaryimage"},"thumbnailUrl":"https:\/\/roj-auf.de\/wp-content\/uploads\/2025\/03\/city-germany.png","datePublished":"2026-01-19T09:18:31+00:00","author":{"@id":"https:\/\/roj-auf.de\/#\/schema\/person\/9b607e98ccbb84f9413e5d7bb6381ee5"},"breadcrumb":{"@id":"https:\/\/roj-auf.de\/allgemein\/die-5-groessten-mythen-ueber-internationale-fachkraefte\/#breadcrumb"},"inLanguage":"vi","potentialAction":[{"@type":"ReadAction","target":["https:\/\/roj-auf.de\/allgemein\/die-5-groessten-mythen-ueber-internationale-fachkraefte\/"]}]},{"@type":"ImageObject","inLanguage":"vi","@id":"https:\/\/roj-auf.de\/allgemein\/die-5-groessten-mythen-ueber-internationale-fachkraefte\/#primaryimage","url":"https:\/\/roj-auf.de\/wp-content\/uploads\/2025\/03\/city-germany.png","contentUrl":"https:\/\/roj-auf.de\/wp-content\/uploads\/2025\/03\/city-germany.png","width":1200,"height":992,"caption":"Recruiting internationale Talente"},{"@type":"BreadcrumbList","@id":"https:\/\/roj-auf.de\/allgemein\/die-5-groessten-mythen-ueber-internationale-fachkraefte\/#breadcrumb","itemListElement":[{"@type":"ListItem","position":1,"name":"Startseite","item":"https:\/\/roj-auf.de\/"},{"@type":"ListItem","position":2,"name":"Die 5 gr\u00f6\u00dften Mythen \u00fcber internationale Fachkr\u00e4fte"}]},{"@type":"WebSite","@id":"https:\/\/roj-auf.de\/#website","url":"https:\/\/roj-auf.de\/","name":"Roj Auf","description":"\u0110\u1ed1i t\u00e1c cho c\u00e1c chuy\u00ean gia qu\u1ed1c t\u1ebf v\u00e0 chuy\u00ean gia tr\u1ebb","potentialAction":[{"@type":"SearchAction","target":{"@type":"EntryPoint","urlTemplate":"https:\/\/roj-auf.de\/?s={search_term_string}"},"query-input":{"@type":"PropertyValueSpecification","valueRequired":true,"valueName":"search_term_string"}}],"inLanguage":"vi"},{"@type":"Person","@id":"https:\/\/roj-auf.de\/#\/schema\/person\/9b607e98ccbb84f9413e5d7bb6381ee5","name":"Ozan Alhas","image":{"@type":"ImageObject","inLanguage":"vi","@id":"https:\/\/roj-auf.de\/#\/schema\/person\/image\/","url":"https:\/\/secure.gravatar.com\/avatar\/b8d2dbf9578ed80e59c2065601e7703d6fbb3249a33cfcb305394724a90231ce?s=96&d=mm&r=g","contentUrl":"https:\/\/secure.gravatar.com\/avatar\/b8d2dbf9578ed80e59c2065601e7703d6fbb3249a33cfcb305394724a90231ce?s=96&d=mm&r=g","caption":"Ozan Alhas"},"url":"https:\/\/roj-auf.de\/vi\/author\/ozan\/"}]}},"_links":{"self":[{"href":"https:\/\/roj-auf.de\/vi\/wp-json\/wp\/v2\/posts\/2277","targetHints":{"allow":["GET"]}}],"collection":[{"href":"https:\/\/roj-auf.de\/vi\/wp-json\/wp\/v2\/posts"}],"about":[{"href":"https:\/\/roj-auf.de\/vi\/wp-json\/wp\/v2\/types\/post"}],"author":[{"embeddable":true,"href":"https:\/\/roj-auf.de\/vi\/wp-json\/wp\/v2\/users\/2"}],"replies":[{"embeddable":true,"href":"https:\/\/roj-auf.de\/vi\/wp-json\/wp\/v2\/comments?post=2277"}],"version-history":[{"count":1,"href":"https:\/\/roj-auf.de\/vi\/wp-json\/wp\/v2\/posts\/2277\/revisions"}],"predecessor-version":[{"id":6322,"href":"https:\/\/roj-auf.de\/vi\/wp-json\/wp\/v2\/posts\/2277\/revisions\/6322"}],"wp:featuredmedia":[{"embeddable":true,"href":"https:\/\/roj-auf.de\/vi\/wp-json\/wp\/v2\/media\/3941"}],"wp:attachment":[{"href":"https:\/\/roj-auf.de\/vi\/wp-json\/wp\/v2\/media?parent=2277"}],"wp:term":[{"taxonomy":"category","embeddable":true,"href":"https:\/\/roj-auf.de\/vi\/wp-json\/wp\/v2\/categories?post=2277"},{"taxonomy":"post_tag","embeddable":true,"href":"https:\/\/roj-auf.de\/vi\/wp-json\/wp\/v2\/tags?post=2277"}],"curies":[{"name":"wp","href":"https:\/\/api.w.org\/{rel}","templated":true}]}}